{"id":259,"date":"2026-02-07T11:39:34","date_gmt":"2026-02-07T11:39:34","guid":{"rendered":"https:\/\/skn.es\/?p=259"},"modified":"2026-02-08T10:27:01","modified_gmt":"2026-02-08T10:27:01","slug":"un-refugio-para-no-quedarse","status":"publish","type":"post","link":"https:\/\/skn.es\/index.php\/2026\/02\/07\/un-refugio-para-no-quedarse\/","title":{"rendered":"Un refugio para no quedarse"},"content":{"rendered":"\n<p>En Matosinhos nos asomamos a un mar blanco, hecho de olas que rompen contra las rocas, del que emergen unos muros blancos recortados contra un cielo casi negro.<\/p>\n\n\n\n<p>Bajo la lluvia y el viento, una cubierta baja, casi pegada al suelo, alberga un interior ahora cerrado: promesa de refugio.<\/p>\n\n\n\n<p>Soledad. Fr\u00edo. El paisaje es inh\u00f3spito; la vida, aletargada.<\/p>\n\n\n\n<figure class=\"wp-block-image size-large\"><img loading=\"lazy\" decoding=\"async\" width=\"1024\" height=\"768\" src=\"https:\/\/skn.es\/wp-content\/uploads\/2026\/02\/P1240644-1024x768.jpg\" alt=\"\" class=\"wp-image-260\" srcset=\"https:\/\/skn.es\/wp-content\/uploads\/2026\/02\/P1240644-1024x768.jpg 1024w, https:\/\/skn.es\/wp-content\/uploads\/2026\/02\/P1240644-300x225.jpg 300w, https:\/\/skn.es\/wp-content\/uploads\/2026\/02\/P1240644-768x576.jpg 768w, https:\/\/skn.es\/wp-content\/uploads\/2026\/02\/P1240644-1536x1152.jpg 1536w, https:\/\/skn.es\/wp-content\/uploads\/2026\/02\/P1240644-1140x855.jpg 1140w, https:\/\/skn.es\/wp-content\/uploads\/2026\/02\/P1240644-85x64.jpg 85w, https:\/\/skn.es\/wp-content\/uploads\/2026\/02\/P1240644.jpg 2048w\" sizes=\"auto, (max-width: 1024px) 100vw, 1024px\" \/><figcaption class=\"wp-element-caption\">\u00a9 2025 Santiago Arderius<\/figcaption><\/figure>\n\n\n\n<p>Me vienen a la memoria aquellos lugares que son el destino final. A esos lugares no atraviesan el umbral quienes ya no est\u00e1n, ni tampoco los deudos, sus verdaderos visitantes. All\u00e1 vamos para volvernos \u2014en palabras de Heidegger\u2014 a nuestra posibilidad m\u00e1s propia, indeterminada e insuperable. Esto ser\u00e1 tema para otra entrada.<\/p>\n\n\n\n<p>Hoy me pregunto por el tiempo propio de la caba\u00f1a m\u00ednima, por el ritual del tiempo ampliado cuando el refugio acoge, no como lugar para quedarse, sino como lugar desde el que poder seguir. Donde uno no se pierde del todo mientras avanza: un lugar del presente ampliado; un lugar que no ofrece una protecci\u00f3n definitiva, ni una salida del mundo, ni una clausura. Ah\u00ed, el pasado no pesa como un lastre, no hay ansiedad por un futuro urgente y el presente no se reduce a un instante. Esa presencia no detiene el tiempo: mantiene reunidos el haber llegado, el estar aqu\u00ed y el poder partir, acogiendo los tres \u00e9xtasis.<\/p>\n\n\n\n<p>El ritual de tal caba\u00f1a puede tener una estructura m\u00ednima:<\/p>\n\n\n\n<ul class=\"wp-block-list\">\n<li>Reconocer, en gestos sencillos, lo que ha sido: quitarse el abrigo y la mochila, colocar las llaves sobre una mesa y escribir una frase factual \u2014\u201che llegado desde\u2026\u201d\u2014, nada m\u00e1s.<\/li>\n<\/ul>\n\n\n\n<ul class=\"wp-block-list\">\n<li>Habitar sin apropiarse, sin tarea productiva: mirar, dibujar sin objetivo, callar acompasando la respiraci\u00f3n con el movimiento del fuego. No preparar la partida ni prolongar la estancia; dejar que el presente se abra.<\/li>\n<\/ul>\n\n\n\n<ul class=\"wp-block-list\">\n<li>Dejar abierta la posibilidad real de partir sin clausura: no ordenar del todo, no cerrarlo todo, permitir que el refugio devuelva al camino. Escribir: \u201cesto no termina aqu\u00ed\u201d.<\/li>\n<\/ul>\n\n\n\n<p>Un sitio as\u00ed es un lugar para no quedarse, sino para poder estar sin olvidar que se ha llegado y que se podr\u00e1 partir. Un refugio para habitar el presente, sosteniendo la llegada y la partida sin precipitar ninguna.<\/p>\n\n\n\n<figure class=\"wp-block-image size-large\"><img loading=\"lazy\" decoding=\"async\" width=\"1024\" height=\"768\" src=\"https:\/\/skn.es\/wp-content\/uploads\/2026\/02\/P1240684-1024x768.jpg\" alt=\"\" class=\"wp-image-261\" srcset=\"https:\/\/skn.es\/wp-content\/uploads\/2026\/02\/P1240684-1024x768.jpg 1024w, https:\/\/skn.es\/wp-content\/uploads\/2026\/02\/P1240684-300x225.jpg 300w, https:\/\/skn.es\/wp-content\/uploads\/2026\/02\/P1240684-768x576.jpg 768w, https:\/\/skn.es\/wp-content\/uploads\/2026\/02\/P1240684-1536x1152.jpg 1536w, https:\/\/skn.es\/wp-content\/uploads\/2026\/02\/P1240684-1140x855.jpg 1140w, https:\/\/skn.es\/wp-content\/uploads\/2026\/02\/P1240684-85x64.jpg 85w, https:\/\/skn.es\/wp-content\/uploads\/2026\/02\/P1240684.jpg 2048w\" sizes=\"auto, (max-width: 1024px) 100vw, 1024px\" \/><figcaption class=\"wp-element-caption\">\u00a9 2025 Santiago Arderius<\/figcaption><\/figure>\n\n\n\n<p>Hay caba\u00f1as que han compartido parte de esta estructura para sostener una actividad intelectual o una necesidad pr\u00e1ctica: las caba\u00f1as de Steinbach, Maiernigg o Dobbiaco para componer la m\u00fasica de Mahler; la de Knut Hamsun en N\u00f8rholm; la de Ralph Erskine cerca de Lissma; la de Thoreau en Walden; o el Cabanon de Le Corbusier en Cap-Martin. La caba\u00f1a m\u00ednima se parece m\u00e1s a la tienda del n\u00f3mada, que ofrece un refugio temporal en el camino. Ciertamente, puede ser m\u00e1s estable que la tienda de un campamento, permitiendo la repetici\u00f3n del rito y la posibilidad de volver. Pero su finalidad es la misma: habitar el presente, sosteniendo la llegada y la partida sin precipitar ninguna.<\/p>\n\n\n\n<p>Me pregunto en qu\u00e9 medida los ejemplos de las caba\u00f1as visitadas o le\u00eddas, de los lugares recorridos, comparten esta temporalidad. Volveremos a Matosinhos.<\/p>\n\n\n\n<figure class=\"wp-block-image size-large\"><img loading=\"lazy\" decoding=\"async\" width=\"1024\" height=\"768\" src=\"https:\/\/skn.es\/wp-content\/uploads\/2026\/02\/P1240669-1024x768.jpg\" alt=\"\" class=\"wp-image-262\" srcset=\"https:\/\/skn.es\/wp-content\/uploads\/2026\/02\/P1240669-1024x768.jpg 1024w, https:\/\/skn.es\/wp-content\/uploads\/2026\/02\/P1240669-300x225.jpg 300w, https:\/\/skn.es\/wp-content\/uploads\/2026\/02\/P1240669-768x576.jpg 768w, https:\/\/skn.es\/wp-content\/uploads\/2026\/02\/P1240669-1536x1152.jpg 1536w, https:\/\/skn.es\/wp-content\/uploads\/2026\/02\/P1240669-1140x855.jpg 1140w, https:\/\/skn.es\/wp-content\/uploads\/2026\/02\/P1240669-85x64.jpg 85w, https:\/\/skn.es\/wp-content\/uploads\/2026\/02\/P1240669.jpg 2048w\" sizes=\"auto, (max-width: 1024px) 100vw, 1024px\" \/><figcaption class=\"wp-element-caption\">\u00a9 2025 Santiago Arderius<\/figcaption><\/figure>\n\n\n\n<p><strong>Localizaci\u00f3n:<\/strong><br>Av. Liberdade 1681,<br>4450-718 Le\u00e7a da Palmeira<br>Portugal<br><strong>Coordenadas:<\/strong><br>41\u00b012&#8217;10.8&#8243;N 8\u00b042&#8217;54.4&#8243;W<br><a href=\"https:\/\/maps.app.goo.gl\/9kqTQ7Rjkb8sQEeZ7\">https:\/\/maps.app.goo.gl\/9kqTQ7Rjkb8sQEeZ7<\/a><\/p>\n","protected":false},"excerpt":{"rendered":"<p>En Matosinhos nos asomamos a un mar blanco, hecho de olas que rompen contra las rocas, del que emergen unos muros blancos recortados contra un cielo casi negro. Bajo la lluvia y el viento, una cubierta baja, casi pegada al suelo, alberga un interior ahora cerrado: promesa de refugio. Soledad.&hellip;<\/p>\n","protected":false},"author":1,"featured_media":0,"comment_status":"open","ping_status":"open","sticky":false,"template":"","format":"standard","meta":{"footnotes":""},"categories":[5],"tags":[16,39,37,78,77,79],"class_list":["post-259","post","type-post","status-publish","format-standard","hentry","category-imagenes-de-cabana","tag-cabanas-viajeras","tag-paisaje","tag-refugios-poeticos","tag-temporalidad","tag-tiempo","tag-viaje"],"_links":{"self":[{"href":"https:\/\/skn.es\/index.php\/wp-json\/wp\/v2\/posts\/259","targetHints":{"allow":["GET"]}}],"collection":[{"href":"https:\/\/skn.es\/index.php\/wp-json\/wp\/v2\/posts"}],"about":[{"href":"https:\/\/skn.es\/index.php\/wp-json\/wp\/v2\/types\/post"}],"author":[{"embeddable":true,"href":"https:\/\/skn.es\/index.php\/wp-json\/wp\/v2\/users\/1"}],"replies":[{"embeddable":true,"href":"https:\/\/skn.es\/index.php\/wp-json\/wp\/v2\/comments?post=259"}],"version-history":[{"count":4,"href":"https:\/\/skn.es\/index.php\/wp-json\/wp\/v2\/posts\/259\/revisions"}],"predecessor-version":[{"id":267,"href":"https:\/\/skn.es\/index.php\/wp-json\/wp\/v2\/posts\/259\/revisions\/267"}],"wp:attachment":[{"href":"https:\/\/skn.es\/index.php\/wp-json\/wp\/v2\/media?parent=259"}],"wp:term":[{"taxonomy":"category","embeddable":true,"href":"https:\/\/skn.es\/index.php\/wp-json\/wp\/v2\/categories?post=259"},{"taxonomy":"post_tag","embeddable":true,"href":"https:\/\/skn.es\/index.php\/wp-json\/wp\/v2\/tags?post=259"}],"curies":[{"name":"wp","href":"https:\/\/api.w.org\/{rel}","templated":true}]}}