{"id":166,"date":"2025-06-02T00:17:14","date_gmt":"2025-06-02T00:17:14","guid":{"rendered":"https:\/\/skn.es\/?p=166"},"modified":"2025-06-02T00:19:17","modified_gmt":"2025-06-02T00:19:17","slug":"la-casa-primera","status":"publish","type":"post","link":"https:\/\/skn.es\/index.php\/2025\/06\/02\/la-casa-primera\/","title":{"rendered":"La casa primera."},"content":{"rendered":"\n<h2 class=\"wp-block-heading\">Antesala a la po\u00e9tica del espacio de Gaston Bachelard<\/h2>\n\n\n\n<p>Antes de ser \u201clanzado al mundo\u201d, el ser humano es acogido en el interior protector de la casa.<br>Antes de habitar una ciudad, ha habitado un rinc\u00f3n, una cama, una sombra que lo ampara. <\/p>\n\n\n\n<p>As\u00ed lo afirma <strong>Gaston Bachelard <\/strong>al inicio de <strong><em>La po\u00e9tica del espacio<\/em><\/strong>, donde no se propone analizar el espacio habitado desde la l\u00f3gica de sus partes ni desde una descripci\u00f3n exterior, sino captar el <strong>centro mismo de la imagen po\u00e9tica de la intimidad protegida<\/strong>, en el instante de su aparici\u00f3n en la conciencia.<\/p>\n\n\n\n<blockquote class=\"wp-block-quote is-layout-flow wp-block-quote-is-layout-flow\">\n<p>\u201cLa casa es nuestro rinc\u00f3n del mundo, nuestro primer universo, es realmente un cosmos.\u201d<\/p>\n<\/blockquote>\n\n\n\n<p>La casa es una gran <strong>unificadora <\/strong>de recuerdos, deseos y pensamientos, m\u00e1s all\u00e1 de su funci\u00f3n de alojar el cuerpo. Es el <strong>ensue\u00f1o <\/strong>\u2014y no la utilidad\u2014 lo que le confiere ese poder. Leer a Bachelard es evocar los beneficios protectores del espacio habitado sobre el alma que sue\u00f1a. Por eso, la casa no es objeto, sino sujeto: guarda, sue\u00f1a, respira con nosotros.<\/p>\n\n\n\n<p>A trav\u00e9s de sus p\u00e1ginas, Bachelard nos presenta im\u00e1genes de escaleras, buhardillas, s\u00f3tanos, nidos y conchas, en el mismo momento de su nacimiento po\u00e9tico. No teoriza el espacio, sino que lo restituye a su plenitud vivida, a su resonancia afectiva. \u201cTodo espacio habitado \u2014dice\u2014 lleva como esencia la noci\u00f3n de casa.\u201d<\/p>\n\n\n\n<blockquote class=\"wp-block-quote is-style-default is-layout-flow wp-block-quote-is-layout-flow\">\n<div class=\"wp-block-columns is-layout-flex wp-container-core-columns-is-layout-9d6595d7 wp-block-columns-is-layout-flex\">\n<div class=\"wp-block-column is-layout-flow wp-block-column-is-layout-flow\">\n<figure class=\"wp-block-image size-full is-resized\"><img loading=\"lazy\" decoding=\"async\" width=\"1024\" height=\"1024\" src=\"https:\/\/skn.es\/wp-content\/uploads\/2025\/06\/ChGPT_PoeticaEspacio.png\" alt=\"\" class=\"wp-image-171\" style=\"width:401px;height:auto\" srcset=\"https:\/\/skn.es\/wp-content\/uploads\/2025\/06\/ChGPT_PoeticaEspacio.png 1024w, https:\/\/skn.es\/wp-content\/uploads\/2025\/06\/ChGPT_PoeticaEspacio-300x300.png 300w, https:\/\/skn.es\/wp-content\/uploads\/2025\/06\/ChGPT_PoeticaEspacio-150x150.png 150w, https:\/\/skn.es\/wp-content\/uploads\/2025\/06\/ChGPT_PoeticaEspacio-768x768.png 768w, https:\/\/skn.es\/wp-content\/uploads\/2025\/06\/ChGPT_PoeticaEspacio-64x64.png 64w, https:\/\/skn.es\/wp-content\/uploads\/2025\/06\/ChGPT_PoeticaEspacio-480x480.png 480w\" sizes=\"auto, (max-width: 1024px) 100vw, 1024px\" \/><\/figure>\n<\/div>\n\n\n\n<div class=\"wp-block-column is-layout-flow wp-block-column-is-layout-flow\">\n<p class=\"has-medium-font-size\"><\/p>\n<\/div>\n<\/div>\n<\/blockquote>\n\n\n\n<blockquote class=\"wp-block-quote is-layout-flow wp-block-quote-is-layout-flow\">\n<p>\u201cSin la casa, el hombre ser\u00eda un ser disperso.\u201d<\/p>\n<\/blockquote>\n\n\n\n<p id=\"block-21df7981-165c-453a-a5d8-39bb8fbaaef4\"><strong>Lejos de oponerse a la realidad, la imaginaci\u00f3n la intensifica, la espesa, la protege<\/strong>. Lo imaginario se convierte en un principio de valoraci\u00f3n \u00edntima. As\u00ed, una vivienda humilde puede ser la m\u00e1s bella. Un rinc\u00f3n en penumbra, el germen de una felicidad central. Un objeto m\u00ednimo, el s\u00edmbolo entero del universo.<\/p>\n\n\n\n<p>Esta entrada quiere ser esa antesala: una invitaci\u00f3n a entrar con calma en el libro, a dejarse acompa\u00f1ar por su voz, incluso sin necesidad de comprenderlo todo. Una voz que nos recuerda que la vida comienza en un bienestar: el del ser acogido en el espacio protegido de la casa primera.<\/p>\n","protected":false},"excerpt":{"rendered":"<p>Antesala a la po\u00e9tica del espacio de Gaston Bachelard Antes de ser \u201clanzado al mundo\u201d, el ser humano es acogido en el interior protector de la casa.Antes de habitar una ciudad, ha habitado un rinc\u00f3n, una cama, una sombra que lo ampara. As\u00ed lo afirma Gaston Bachelard al inicio de&hellip;<\/p>\n","protected":false},"author":1,"featured_media":0,"comment_status":"open","ping_status":"open","sticky":false,"template":"","format":"standard","meta":{"footnotes":""},"categories":[5],"tags":[9,62],"class_list":["post-166","post","type-post","status-publish","format-standard","hentry","category-imagenes-de-cabana","tag-bachelard","tag-poetica-2"],"_links":{"self":[{"href":"https:\/\/skn.es\/index.php\/wp-json\/wp\/v2\/posts\/166","targetHints":{"allow":["GET"]}}],"collection":[{"href":"https:\/\/skn.es\/index.php\/wp-json\/wp\/v2\/posts"}],"about":[{"href":"https:\/\/skn.es\/index.php\/wp-json\/wp\/v2\/types\/post"}],"author":[{"embeddable":true,"href":"https:\/\/skn.es\/index.php\/wp-json\/wp\/v2\/users\/1"}],"replies":[{"embeddable":true,"href":"https:\/\/skn.es\/index.php\/wp-json\/wp\/v2\/comments?post=166"}],"version-history":[{"count":19,"href":"https:\/\/skn.es\/index.php\/wp-json\/wp\/v2\/posts\/166\/revisions"}],"predecessor-version":[{"id":187,"href":"https:\/\/skn.es\/index.php\/wp-json\/wp\/v2\/posts\/166\/revisions\/187"}],"wp:attachment":[{"href":"https:\/\/skn.es\/index.php\/wp-json\/wp\/v2\/media?parent=166"}],"wp:term":[{"taxonomy":"category","embeddable":true,"href":"https:\/\/skn.es\/index.php\/wp-json\/wp\/v2\/categories?post=166"},{"taxonomy":"post_tag","embeddable":true,"href":"https:\/\/skn.es\/index.php\/wp-json\/wp\/v2\/tags?post=166"}],"curies":[{"name":"wp","href":"https:\/\/api.w.org\/{rel}","templated":true}]}}