{"id":152,"date":"2025-05-01T22:59:07","date_gmt":"2025-05-01T22:59:07","guid":{"rendered":"https:\/\/skn.es\/?p=152"},"modified":"2025-05-01T23:19:40","modified_gmt":"2025-05-01T23:19:40","slug":"la-yurta-tradicional-habitar-el-cosmos-en-movimiento","status":"publish","type":"post","link":"https:\/\/skn.es\/index.php\/2025\/05\/01\/la-yurta-tradicional-habitar-el-cosmos-en-movimiento\/","title":{"rendered":"La yurta tradicional: habitar el cosmos en movimiento"},"content":{"rendered":"\n<blockquote class=\"wp-block-quote is-layout-flow wp-block-quote-is-layout-flow\">\n<p>Entre las grandes llanuras de Asia Central, los pueblos n\u00f3madas levantaron con sabidur\u00eda y belleza una forma de hogar circular, ligera y duradera. Esta entrada recorre la arquitectura, el sentido y la diversidad de las yurtas tradicionales.<\/p>\n<\/blockquote>\n\n\n\n<p>Lejos de los valles fluviales donde se fundaron las ciudades de los primeros imperios, existieron formas de habitar que acompa\u00f1aban a los pueblos que recorr\u00edan la inmensidad de la llanura asi\u00e1tica.<br>Entre ellas destaca la yurta, por su perfecci\u00f3n funcional y simb\u00f3lica: una vivienda n\u00f3mada, ligera y resistente, que ha albergado durante siglos a los pueblos de las estepas de Asia Central.<br>A la vez cobijo y peque\u00f1o universo port\u00e1til, protegido por su estructura flexible, con el cielo en su cubierta y el fuego en su centro.<br>Esta entrada es una invitaci\u00f3n a descubrir la forma y las variantes de las yurtas tradicionales, y la visi\u00f3n del mundo que las anima.<\/p>\n\n\n\n<figure class=\"wp-block-image size-large\"><img loading=\"lazy\" decoding=\"async\" width=\"1024\" height=\"683\" src=\"https:\/\/skn.es\/wp-content\/uploads\/2025\/05\/ariungoo-batzorig-bj0sxWYiGXg-unsplash-1024x683.jpg\" alt=\"\" class=\"wp-image-153\" srcset=\"https:\/\/skn.es\/wp-content\/uploads\/2025\/05\/ariungoo-batzorig-bj0sxWYiGXg-unsplash-1024x683.jpg 1024w, https:\/\/skn.es\/wp-content\/uploads\/2025\/05\/ariungoo-batzorig-bj0sxWYiGXg-unsplash-300x200.jpg 300w, https:\/\/skn.es\/wp-content\/uploads\/2025\/05\/ariungoo-batzorig-bj0sxWYiGXg-unsplash-768x512.jpg 768w, https:\/\/skn.es\/wp-content\/uploads\/2025\/05\/ariungoo-batzorig-bj0sxWYiGXg-unsplash-1536x1024.jpg 1536w, https:\/\/skn.es\/wp-content\/uploads\/2025\/05\/ariungoo-batzorig-bj0sxWYiGXg-unsplash-2048x1365.jpg 2048w, https:\/\/skn.es\/wp-content\/uploads\/2025\/05\/ariungoo-batzorig-bj0sxWYiGXg-unsplash-1140x760.jpg 1140w, https:\/\/skn.es\/wp-content\/uploads\/2025\/05\/ariungoo-batzorig-bj0sxWYiGXg-unsplash-96x64.jpg 96w\" sizes=\"auto, (max-width: 1024px) 100vw, 1024px\" \/><figcaption class=\"wp-element-caption\">Foto de <a href=\"https:\/\/unsplash.com\/es\/@ariungoo?utm_content=creditCopyText&amp;utm_medium=referral&amp;utm_source=unsplash\">Ariungoo Batzorig<\/a> en <a href=\"https:\/\/unsplash.com\/es\/fotos\/tienda-blanca-y-gris-en-campo-de-hierba-verde-cerca-de-la-montana-bajo-nubes-blancas-durante-el-dia-bj0sxWYiGXg?utm_content=creditCopyText&amp;utm_medium=referral&amp;utm_source=unsplash\">Unsplash<\/a><\/figcaption><\/figure>\n\n\n\n<h2 class=\"wp-block-heading\">\u00bfQu\u00e9 es una yurta?<\/h2>\n\n\n\n<p>La yurta es una estructura circular, port\u00e1til y desmontable, perfeccionada a lo largo de siglos por los pueblos n\u00f3madas de las estepas de Asia Central.<br>Su forma sencilla es el resultado de una compleja sabidur\u00eda pr\u00e1ctica: es ligera para ser transportada, robusta y flexible para resistir los vientos de las llanuras abiertas, y adaptable a temperaturas extremas, tanto bajas como altas, con gran eficiencia t\u00e9rmica.<br>Sus partes esenciales son: una pared de madera entrelazada que se expande en un c\u00edrculo perfecto (jana), un anillo central elevado (tono) que sostiene el cielo interior, y un entramado de postes de techo (uni) que conectan ambas partes en un equilibrio de tensiones.<br>Una yurta no es solo una tienda: es una vivienda completa, que simboliza el cosmos, aloja el hogar y protege la vida en tr\u00e1nsito.<br>Su forma, casi inalterada desde la antig\u00fcedad, revela una profunda relaci\u00f3n de conocimiento y respeto hacia los \u00e1mbitos naturales en los que se asienta.<\/p>\n\n\n\n<h2 class=\"wp-block-heading\">La estructura de la yurta: elementos principales<\/h2>\n\n\n<div class=\"wp-block-image\">\n<figure class=\"aligncenter size-large is-resized\"><img loading=\"lazy\" decoding=\"async\" width=\"1024\" height=\"768\" src=\"https:\/\/skn.es\/wp-content\/uploads\/2025\/05\/yurtacolor2-1-1-1024x768.png\" alt=\"\" class=\"wp-image-155\" style=\"width:600px\" srcset=\"https:\/\/skn.es\/wp-content\/uploads\/2025\/05\/yurtacolor2-1-1-1024x768.png 1024w, https:\/\/skn.es\/wp-content\/uploads\/2025\/05\/yurtacolor2-1-1-300x225.png 300w, https:\/\/skn.es\/wp-content\/uploads\/2025\/05\/yurtacolor2-1-1-768x576.png 768w, https:\/\/skn.es\/wp-content\/uploads\/2025\/05\/yurtacolor2-1-1-1536x1151.png 1536w, https:\/\/skn.es\/wp-content\/uploads\/2025\/05\/yurtacolor2-1-1-2048x1535.png 2048w, https:\/\/skn.es\/wp-content\/uploads\/2025\/05\/yurtacolor2-1-1-1140x855.png 1140w, https:\/\/skn.es\/wp-content\/uploads\/2025\/05\/yurtacolor2-1-1-85x64.png 85w\" sizes=\"auto, (max-width: 1024px) 100vw, 1024px\" \/><figcaption class=\"wp-element-caption\">\u00a9 2025 Santiago Arderius Mar\u00edn<\/figcaption><\/figure>\n<\/div>\n\n\n<p>La yurta se basa en un principio de equilibrio entre la fuerza de tracci\u00f3n de la envolvente y la de compresi\u00f3n del armaz\u00f3n, configurando una construcci\u00f3n autoportante de gran estabilidad.<br>El cuerpo principal est\u00e1 formado por tres elementos esenciales:<\/p>\n\n\n\n<ul class=\"wp-block-list\">\n<li>El jana: una celos\u00eda flexible y extensible de madera, que se despliega para formar el cerramiento circular de la yurta. Ligero pero resistente, se transporta f\u00e1cilmente cuando est\u00e1 plegado.<\/li>\n\n\n\n<li>El tono: un anillo central abierto que corona la estructura, a la vez respiradero de humos y s\u00edmbolo del cielo, sobre el hogar central que ordena la vida interior.<\/li>\n\n\n\n<li>Los uni: varas que conectan el jana con el tono, conformando la estructura de la cubierta de perfil bajo, aerodin\u00e1mico y muy resistente a los vientos de la estepa.<\/li>\n<\/ul>\n\n\n\n<p>Una vez ensamblados, estos tres elementos generan una estructura autoportante, capaz de resistir las inclemencias del clima extremo con sorprendente eficiencia. La forma circular no solo favorece la estabilidad frente al viento, sino que tambi\u00e9n refuerza la sensaci\u00f3n de unidad y continuidad en el espacio habitable.<\/p>\n\n\n\n<h2 class=\"wp-block-heading\">Organizaci\u00f3n interior y sentido simb\u00f3lico de la yurta<\/h2>\n\n\n\n<div class=\"wp-block-columns is-layout-flex wp-container-core-columns-is-layout-9d6595d7 wp-block-columns-is-layout-flex\">\n<div class=\"wp-block-column is-layout-flow wp-block-column-is-layout-flow\" style=\"flex-basis:66.66%\">\n<p>La forma de la yurta, pr\u00e1ctica y resistente, es tambi\u00e9n una representaci\u00f3n de un orden c\u00f3smico: expresa la continuidad de la vida en su forma circular, y el equilibrio entre el mundo visible terrestre y el invisible celestial.<br>sobre el centro gravita el tono, anillo abierto que sostiene el cielo interior, desde el que descienden los uni o varas que soportan la cubierta, a modo de radios de una rueda c\u00f3smica. El fuego central bajo el tono, es una fuente de calor, de vida y de comunicaci\u00f3n con las fuerzas invisibles.<br>Bajo el tono, el fuego ocupa el lugar central: fuente de calor, de vida y de comunicaci\u00f3n con las fuerzas invisibles, una presencia sagrada que va m\u00e1s all\u00e1 de su utilidad como cocina o calefacci\u00f3n.<br>La yurta est\u00e1 orientada seg\u00fan un orden simb\u00f3lico, en el que la puerta se orienta al sur, hacia el sol del mediod\u00eda, y en el norte, mirando hacia ella, se sit\u00faa un altar o espacio de honor que acoje los objetos sagrados, im\u00e1genes religiosas y s\u00edmbolos de la familia. El interior se divide seg\u00fan un patr\u00f3n que se repite con frecuencia:<\/p>\n\n\n\n<ul class=\"wp-block-list\">\n<li>El lado oeste es el dominio masculino: se guardan all\u00ed las herramientas, las armas, las sillas de montar y se reciben a los invitados de honor.<\/li>\n\n\n\n<li>El lado este pertenece a las mujeres y a la vida dom\u00e9stica: alimentos, vajilla, tejidos, y el cuidado de los ni\u00f1os.<\/li>\n\n\n\n<li>Cerca de la puerta se sientan los visitantes de menor rango, los sirvientes o los animales que necesitan cobijo.<\/li>\n<\/ul>\n\n\n\n<p>La costumbre ha establecido unos ritos de cortes\u00eda que se deben respetar: no pisar el umbral, ni pasar entre el fuego y el tono, ni tocar los postes centrales sin necesidad.<br>Habitar la yurta es, en cierto modo, habitar un microcosmos donde cada cosa tiene su lugar y su sentido.<\/p>\n<\/div>\n\n\n\n<div class=\"wp-block-column is-layout-flow wp-block-column-is-layout-flow\" style=\"flex-basis:33.33%\">\n<figure class=\"wp-block-image size-large\"><img loading=\"lazy\" decoding=\"async\" width=\"768\" height=\"1024\" src=\"https:\/\/skn.es\/wp-content\/uploads\/2025\/05\/bilgudei-gankhulug-MPhF-TUrvlw-unsplash-768x1024.jpg\" alt=\"\" class=\"wp-image-156\" srcset=\"https:\/\/skn.es\/wp-content\/uploads\/2025\/05\/bilgudei-gankhulug-MPhF-TUrvlw-unsplash-768x1024.jpg 768w, https:\/\/skn.es\/wp-content\/uploads\/2025\/05\/bilgudei-gankhulug-MPhF-TUrvlw-unsplash-225x300.jpg 225w, https:\/\/skn.es\/wp-content\/uploads\/2025\/05\/bilgudei-gankhulug-MPhF-TUrvlw-unsplash-1152x1536.jpg 1152w, https:\/\/skn.es\/wp-content\/uploads\/2025\/05\/bilgudei-gankhulug-MPhF-TUrvlw-unsplash-1536x2048.jpg 1536w, https:\/\/skn.es\/wp-content\/uploads\/2025\/05\/bilgudei-gankhulug-MPhF-TUrvlw-unsplash-1140x1520.jpg 1140w, https:\/\/skn.es\/wp-content\/uploads\/2025\/05\/bilgudei-gankhulug-MPhF-TUrvlw-unsplash-48x64.jpg 48w, https:\/\/skn.es\/wp-content\/uploads\/2025\/05\/bilgudei-gankhulug-MPhF-TUrvlw-unsplash-scaled.jpg 1920w\" sizes=\"auto, (max-width: 768px) 100vw, 768px\" \/><figcaption class=\"wp-element-caption\">Foto de <a href=\"https:\/\/unsplash.com\/es\/@henry0313?utm_content=creditCopyText&amp;utm_medium=referral&amp;utm_source=unsplash\">Bilgudei Gankhulug<\/a> en <a href=\"https:\/\/unsplash.com\/es\/fotos\/un-gran-techo-colorido-MPhF-TUrvlw?utm_content=creditCopyText&amp;utm_medium=referral&amp;utm_source=unsplash\">Unsplash<\/a><\/figcaption><\/figure>\n\n\n\n<figure class=\"wp-block-image size-large\"><img loading=\"lazy\" decoding=\"async\" width=\"1024\" height=\"683\" src=\"https:\/\/skn.es\/wp-content\/uploads\/2025\/05\/charles-mingz-VId6Z9UQ3OU-unsplash-1024x683.jpg\" alt=\"\" class=\"wp-image-157\" srcset=\"https:\/\/skn.es\/wp-content\/uploads\/2025\/05\/charles-mingz-VId6Z9UQ3OU-unsplash-1024x683.jpg 1024w, https:\/\/skn.es\/wp-content\/uploads\/2025\/05\/charles-mingz-VId6Z9UQ3OU-unsplash-300x200.jpg 300w, https:\/\/skn.es\/wp-content\/uploads\/2025\/05\/charles-mingz-VId6Z9UQ3OU-unsplash-768x512.jpg 768w, https:\/\/skn.es\/wp-content\/uploads\/2025\/05\/charles-mingz-VId6Z9UQ3OU-unsplash-1536x1024.jpg 1536w, https:\/\/skn.es\/wp-content\/uploads\/2025\/05\/charles-mingz-VId6Z9UQ3OU-unsplash-2048x1365.jpg 2048w, https:\/\/skn.es\/wp-content\/uploads\/2025\/05\/charles-mingz-VId6Z9UQ3OU-unsplash-1140x760.jpg 1140w, https:\/\/skn.es\/wp-content\/uploads\/2025\/05\/charles-mingz-VId6Z9UQ3OU-unsplash-96x64.jpg 96w\" sizes=\"auto, (max-width: 1024px) 100vw, 1024px\" \/><figcaption class=\"wp-element-caption\">Foto de <a href=\"https:\/\/unsplash.com\/es\/@charlesmingz?utm_content=creditCopyText&amp;utm_medium=referral&amp;utm_source=unsplash\">Charles MingZ<\/a> en <a href=\"https:\/\/unsplash.com\/es\/fotos\/una-habitacion-con-dos-puertas-de-madera-y-una-ventana-VId6Z9UQ3OU?utm_content=creditCopyText&amp;utm_medium=referral&amp;utm_source=unsplash\">Unsplash<\/a><\/figcaption><\/figure>\n<\/div>\n<\/div>\n\n\n\n<h2 class=\"wp-block-heading\">Variantes hist\u00f3ricas de la yurta<\/h2>\n\n\n\n<p>Aunque la estructura b\u00e1sica de la yurta se ha mantenido sin grandes cambios durante siglos, existen distintas variantes seg\u00fan los pueblos que la han habitado, cada una con particularidades formales y culturales.<\/p>\n\n\n\n<ul class=\"wp-block-list\">\n<li>La yurta mongola, llamada ger en lengua jalja, tiene un techo con varas rectas (uni) que que une la estructura de las paredes con el anillo superior (tono), abierto hacia el cielo y apoyado en dos postes verticales interiores (bagana). Esta forma es habitual en Mongolia, Buriatia, Kalmukia y la regi\u00f3n t\u00farquica de Tuva, donde sigue siendo el hogar principal de muchas familias.<\/li>\n\n\n\n<li>La yurta turca o kazaja, tiene un techo abovedado porque utiliza varas curvadas (uuk) que distribuyen el peso del cerramiento y del tono hacia las paredes, prescindiendo as\u00ed de postes centrales. Esta estructura es m\u00e1s estable y permite un interior di\u00e1fano. Se encuentra en Kazajist\u00e1n, Kirguist\u00e1n, Uzbekist\u00e1n y Turkmenist\u00e1n. En estas regiones, el nombre para la yurta var\u00eda: k\u00efiz \u00fcy en kazajo, boz \u00fcy en kirgu\u00eds, ak \u00f6\u00fd o gara \u00f6\u00fd en turcomano.<\/li>\n\n\n\n<li>Simult\u00e1neamente a la edad media europea, algunas yurtas adquirieron formas a\u00fan m\u00e1s complejas, como la jibitja o ger tergen: una yurta montada sobre una gran carreta tirada por una gran yunta de bueyes, descritas por los viajeros de la \u00e9poca como verdaderas casas sobre ruedas. Eran un lujo exclusivo de los jefes tribales y miembros de la \u00e9lite, que se usaban no solo como residencias, sino tambi\u00e9n como instrumentos de poder, refugio para banquetes o lugar de encuentro pol\u00edtico. Algunos relatos mencionan yurtas lujosamente decoradas con brocados, perlas o incluso clavos de oro.<\/li>\n<\/ul>\n\n\n\n<div class=\"wp-block-columns is-layout-flex wp-container-core-columns-is-layout-9d6595d7 wp-block-columns-is-layout-flex\">\n<div class=\"wp-block-column is-layout-flow wp-block-column-is-layout-flow\">\n<figure class=\"wp-block-image size-large\"><img loading=\"lazy\" decoding=\"async\" width=\"1024\" height=\"683\" src=\"https:\/\/skn.es\/wp-content\/uploads\/2025\/05\/artist-istanbul-FwMBVycB37E-unsplash-1024x683.jpg\" alt=\"\" class=\"wp-image-159\" srcset=\"https:\/\/skn.es\/wp-content\/uploads\/2025\/05\/artist-istanbul-FwMBVycB37E-unsplash-1024x683.jpg 1024w, https:\/\/skn.es\/wp-content\/uploads\/2025\/05\/artist-istanbul-FwMBVycB37E-unsplash-300x200.jpg 300w, https:\/\/skn.es\/wp-content\/uploads\/2025\/05\/artist-istanbul-FwMBVycB37E-unsplash-768x512.jpg 768w, https:\/\/skn.es\/wp-content\/uploads\/2025\/05\/artist-istanbul-FwMBVycB37E-unsplash-1536x1024.jpg 1536w, https:\/\/skn.es\/wp-content\/uploads\/2025\/05\/artist-istanbul-FwMBVycB37E-unsplash-2048x1365.jpg 2048w, https:\/\/skn.es\/wp-content\/uploads\/2025\/05\/artist-istanbul-FwMBVycB37E-unsplash-1140x760.jpg 1140w, https:\/\/skn.es\/wp-content\/uploads\/2025\/05\/artist-istanbul-FwMBVycB37E-unsplash-96x64.jpg 96w\" sizes=\"auto, (max-width: 1024px) 100vw, 1024px\" \/><figcaption class=\"wp-element-caption\">Foto de <a href=\"https:\/\/unsplash.com\/es\/@artististanbul?utm_content=creditCopyText&amp;utm_medium=referral&amp;utm_source=unsplash\">Artist Istanbul<\/a> en <a href=\"https:\/\/unsplash.com\/es\/fotos\/una-yurta-en-las-montanas-con-una-puerta-amarilla-FwMBVycB37E?utm_content=creditCopyText&amp;utm_medium=referral&amp;utm_source=unsplash\">Unsplash<\/a><\/figcaption><\/figure>\n<\/div>\n\n\n\n<div class=\"wp-block-column is-layout-flow wp-block-column-is-layout-flow\">\n<figure class=\"wp-block-image size-large\"><img loading=\"lazy\" decoding=\"async\" width=\"1024\" height=\"683\" src=\"https:\/\/skn.es\/wp-content\/uploads\/2025\/05\/thomas-evans-CjvZYvH6f4M-unsplash-1024x683.jpg\" alt=\"\" class=\"wp-image-160\" srcset=\"https:\/\/skn.es\/wp-content\/uploads\/2025\/05\/thomas-evans-CjvZYvH6f4M-unsplash-1024x683.jpg 1024w, https:\/\/skn.es\/wp-content\/uploads\/2025\/05\/thomas-evans-CjvZYvH6f4M-unsplash-300x200.jpg 300w, https:\/\/skn.es\/wp-content\/uploads\/2025\/05\/thomas-evans-CjvZYvH6f4M-unsplash-768x512.jpg 768w, https:\/\/skn.es\/wp-content\/uploads\/2025\/05\/thomas-evans-CjvZYvH6f4M-unsplash-1536x1024.jpg 1536w, https:\/\/skn.es\/wp-content\/uploads\/2025\/05\/thomas-evans-CjvZYvH6f4M-unsplash-2048x1365.jpg 2048w, https:\/\/skn.es\/wp-content\/uploads\/2025\/05\/thomas-evans-CjvZYvH6f4M-unsplash-1140x760.jpg 1140w, https:\/\/skn.es\/wp-content\/uploads\/2025\/05\/thomas-evans-CjvZYvH6f4M-unsplash-96x64.jpg 96w\" sizes=\"auto, (max-width: 1024px) 100vw, 1024px\" \/><figcaption class=\"wp-element-caption\">Foto de <a href=\"https:\/\/unsplash.com\/es\/@thoeva?utm_content=creditCopyText&amp;utm_medium=referral&amp;utm_source=unsplash\">Thomas Evans<\/a> en <a href=\"https:\/\/unsplash.com\/es\/fotos\/tienda-blanca-y-marron-en-campo-de-hierba-verde-bajo-nubes-blancas-durante-el-dia-CjvZYvH6f4M?utm_content=creditCopyText&amp;utm_medium=referral&amp;utm_source=unsplash\">Unsplash<\/a><\/figcaption><\/figure>\n<\/div>\n<\/div>\n\n\n\n<p>M\u00e1s all\u00e1 de estas peculiaridades, todas las variantes comparten la forma circular, el centro simb\u00f3lico del hogar, y la idea de un refugio m\u00f3vil que expresa la forma de vida y la visi\u00f3n del mundo de los pueblos que la habitan. Y esta herencia cultural permanece viva en gran medida en las yurtas que siguen siendo parte del paisaje en muchos lugares a d\u00eda de hoy.<\/p>\n","protected":false},"excerpt":{"rendered":"<p>Entre las grandes llanuras de Asia Central, los pueblos n\u00f3madas levantaron con sabidur\u00eda y belleza una forma de hogar circular, ligera y duradera. Esta entrada recorre la arquitectura, el sentido y la diversidad de las yurtas tradicionales. Lejos de los valles fluviales donde se fundaron las ciudades de los primeros&hellip;<\/p>\n","protected":false},"author":1,"featured_media":0,"comment_status":"open","ping_status":"open","sticky":false,"template":"","format":"standard","meta":{"footnotes":""},"categories":[4],"tags":[15,16,60,59],"class_list":["post-152","post","type-post","status-publish","format-standard","hentry","category-cabanas-nomadas","tag-arquitectura-nomada","tag-cabanas-viajeras","tag-refugios-tradicionales","tag-yurta"],"_links":{"self":[{"href":"https:\/\/skn.es\/index.php\/wp-json\/wp\/v2\/posts\/152","targetHints":{"allow":["GET"]}}],"collection":[{"href":"https:\/\/skn.es\/index.php\/wp-json\/wp\/v2\/posts"}],"about":[{"href":"https:\/\/skn.es\/index.php\/wp-json\/wp\/v2\/types\/post"}],"author":[{"embeddable":true,"href":"https:\/\/skn.es\/index.php\/wp-json\/wp\/v2\/users\/1"}],"replies":[{"embeddable":true,"href":"https:\/\/skn.es\/index.php\/wp-json\/wp\/v2\/comments?post=152"}],"version-history":[{"count":3,"href":"https:\/\/skn.es\/index.php\/wp-json\/wp\/v2\/posts\/152\/revisions"}],"predecessor-version":[{"id":164,"href":"https:\/\/skn.es\/index.php\/wp-json\/wp\/v2\/posts\/152\/revisions\/164"}],"wp:attachment":[{"href":"https:\/\/skn.es\/index.php\/wp-json\/wp\/v2\/media?parent=152"}],"wp:term":[{"taxonomy":"category","embeddable":true,"href":"https:\/\/skn.es\/index.php\/wp-json\/wp\/v2\/categories?post=152"},{"taxonomy":"post_tag","embeddable":true,"href":"https:\/\/skn.es\/index.php\/wp-json\/wp\/v2\/tags?post=152"}],"curies":[{"name":"wp","href":"https:\/\/api.w.org\/{rel}","templated":true}]}}